{"id":28508,"date":"2023-05-14T15:58:18","date_gmt":"2023-05-14T19:58:18","guid":{"rendered":"https:\/\/galleriadellapietra.com.br\/?p=28508"},"modified":"2023-05-17T09:07:01","modified_gmt":"2023-05-17T13:07:01","slug":"pulsar-the-ceramic-surfaces-inspired-by-the-origins-of-the-universe","status":"publish","type":"post","link":"https:\/\/galleriadellapietra.com.br\/pt\/pulsar-the-ceramic-surfaces-inspired-by-the-origins-of-the-universe\/","title":{"rendered":"<p>Pulsar: Inspirado nas Origens do Universo<\/p>"},"content":{"rendered":"<p>Voc\u00ea j\u00e1 se perguntou como era o universo no momento do Big Bang? Como as menores part\u00edculas de mat\u00e9ria se juntaram para formar as estrelas, os planetas e tudo mais que vemos hoje? Se voc\u00ea \u00e9 fascinado por essas perguntas, vai adorar Pulsar, a nova cole\u00e7\u00e3o de superf\u00edcies cer\u00e2micas da Fiandre Architectural Surfaces.<h2 class=\"wp-block-heading\">Pulsar \u00e9 um produto revolucion\u00e1rio<\/h2><p>Pulsar \u00e9 um produto revolucion\u00e1rio que combina materiais e minerais naturais aleatoriamente, criando uma mistura harmoniosa de gr\u00e2nulos e flocos que torna cada placa \u00fanica e irrepet\u00edvel. O resultado \u00e9 um material inovador e uniforme, compacto e indestrut\u00edvel, seguro e ecol\u00f3gico, que mant\u00e9m a apar\u00eancia inicial em toda a sua espessura, mesmo em caso de desgaste ou danos.<\/p><h3 class=\"wp-block-heading\">Inspirado nas origens do universo<\/h3><p>O Pulsar \u00e9 inspirado nas origens do universo, no Big Bang e nas part\u00edculas, entendidas como a parte mais substancial da mat\u00e9ria, n\u00e3o mais consideradas apenas em termos geol\u00f3gicos, mas sim como a g\u00eanese do \u00e1tomo ao infinito, buscando uma identidade que conecte os seres humanos \u00e0s suas ra\u00edzes. O Pulsar surge do desejo de oferecer superf\u00edcies com valores ancestrais intr\u00ednsecos, traduzidos em elementos vivos usando as tecnologias mais avan\u00e7adas da Fiandre Architectural Surfaces.<\/p><p>Com um visual natural rico em detalhes sofisticados, Pulsar atende perfeitamente \u00e0s demandas mais refinadas e contempor\u00e2neas dos designers. Suas tonalidades harmoniosas e terrosas criam combina\u00e7\u00f5es de alto impacto tanto nos projetos mais cl\u00e1ssicos quanto nos mais elaborados e inovadores. Ideal tanto para revestimentos de pisos quanto de paredes, com sua estrutura R10B, pode at\u00e9 mesmo ser usado em ambientes molhados.<\/p><h3 class=\"wp-block-heading\">Tamanhos dispon\u00edveis<\/h3><p>Pulsar est\u00e1 dispon\u00edvel nos tamanhos 120x120, 120x60 e 60x60, com 1 cm de espessura e, sob solicita\u00e7\u00e3o, tamb\u00e9m como Active Surfaces\u00ae eco-ativas.<\/p><\/p>","protected":false},"excerpt":{"rendered":"<p>Pulsar is a revolutionary product that combines natural raw materials and minerals randomly, creating a harmonious mix of granules and flakes that makes each slab unique and unrepeatable. <\/p>","protected":false},"author":13,"featured_media":28579,"comment_status":"closed","ping_status":"closed","sticky":false,"template":"elementor_header_footer","format":"standard","meta":{"footnotes":""},"categories":[222],"tags":[151,134],"effect":[],"cat-news":[212],"acf":[],"_links":{"self":[{"href":"https:\/\/galleriadellapietra.com.br\/pt\/wp-json\/wp\/v2\/posts\/28508"}],"collection":[{"href":"https:\/\/galleriadellapietra.com.br\/pt\/wp-json\/wp\/v2\/posts"}],"about":[{"href":"https:\/\/galleriadellapietra.com.br\/pt\/wp-json\/wp\/v2\/types\/post"}],"author":[{"embeddable":true,"href":"https:\/\/galleriadellapietra.com.br\/pt\/wp-json\/wp\/v2\/users\/13"}],"replies":[{"embeddable":true,"href":"https:\/\/galleriadellapietra.com.br\/pt\/wp-json\/wp\/v2\/comments?post=28508"}],"version-history":[{"count":0,"href":"https:\/\/galleriadellapietra.com.br\/pt\/wp-json\/wp\/v2\/posts\/28508\/revisions"}],"wp:featuredmedia":[{"embeddable":true,"href":"https:\/\/galleriadellapietra.com.br\/pt\/wp-json\/wp\/v2\/media\/28579"}],"wp:attachment":[{"href":"https:\/\/galleriadellapietra.com.br\/pt\/wp-json\/wp\/v2\/media?parent=28508"}],"wp:term":[{"taxonomy":"category","embeddable":true,"href":"https:\/\/galleriadellapietra.com.br\/pt\/wp-json\/wp\/v2\/categories?post=28508"},{"taxonomy":"post_tag","embeddable":true,"href":"https:\/\/galleriadellapietra.com.br\/pt\/wp-json\/wp\/v2\/tags?post=28508"},{"taxonomy":"effect","embeddable":true,"href":"https:\/\/galleriadellapietra.com.br\/pt\/wp-json\/wp\/v2\/effect?post=28508"},{"taxonomy":"cat-news","embeddable":true,"href":"https:\/\/galleriadellapietra.com.br\/pt\/wp-json\/wp\/v2\/cat-news?post=28508"}],"curies":[{"name":"wp","href":"https:\/\/api.w.org\/{rel}","templated":true}]}}